{"id":60423,"date":"2020-12-02T11:17:18","date_gmt":"2020-12-02T11:17:18","guid":{"rendered":"https:\/\/www.grupoiraco.com\/magazine-promateriales-no-148\/"},"modified":"2020-12-23T18:39:58","modified_gmt":"2020-12-23T18:39:58","slug":"magazine-promateriales-no-148","status":"publish","type":"post","link":"https:\/\/www.grupoiraco.com\/fr\/magazine-promateriales-no-148\/","title":{"rendered":"MAGAZINE: PROMATERIALES #148"},"content":{"rendered":"<p>[vc_row][vc_column width=&#8221;1\/2&#8243;][vc_column_text]Le syst\u00e8me d&#8217;\u00e9tanch\u00e9it\u00e9 AQUAPRO\u00aePY int\u00e8gre un syst\u00e8me de jardin paysager sophistiqu\u00e9, sp\u00e9cialement con\u00e7u pour les couvertures; \u00e0 base de bac v\u00e9g\u00e9talis\u00e9 pr\u00e9-cultiv\u00e9s et assembl\u00e9s sur ses quatre c\u00f4t\u00e9s, d\u00e9tachables \u00e0 tout moment, formant une tapisserie v\u00e9g\u00e9tale avec effet esth\u00e9tique imm\u00e9diat.[\/vc_column_text][vc_cta h2=&#8221;MAGAZINE PROMATERIALES&#8221; color=&#8221;sky&#8221; add_button=&#8221;bottom&#8221; btn_title=&#8221;Ouvrir le PDF&#8221; btn_color=&#8221;sky&#8221; btn_link=&#8221;url:https%3A%2F%2Fpromateriales.com%2Fnumero-148%2F|target:_blank&#8221;]<\/p>\n<p class=\"p1\">Publi\u00e9 sur la page 12-13<\/p>\n<p>[\/vc_cta][\/vc_column][vc_column width=&#8221;1\/2&#8243; css=&#8221;.vc_custom_1606907800232{margin-top: 0px !important;}&#8221;][vc_single_image image=&#8221;60040&#8243; img_size=&#8221;full&#8221; css=&#8221;.vc_custom_1606907793435{margin-top: 0px !important;}&#8221;][\/vc_column][\/vc_row][vc_row][vc_column][\/vc_column][\/vc_row]<\/p>\n","protected":false},"excerpt":{"rendered":"<p>[vc_row][vc_column width=&#8221;1\/2&#8243;][vc_column_text]Le syst\u00e8me d&#8217;\u00e9tanch\u00e9it\u00e9 AQUAPRO\u00aePY int\u00e8gre un syst\u00e8me de jardin paysager sophistiqu\u00e9, sp\u00e9cialement con\u00e7u pour les couvertures; \u00e0 base de bac v\u00e9g\u00e9talis\u00e9 pr\u00e9-cultiv\u00e9s et assembl\u00e9s sur ses quatre c\u00f4t\u00e9s, d\u00e9tachables \u00e0 tout moment, formant une tapisserie v\u00e9g\u00e9tale avec effet esth\u00e9tique&hellip; <a class=\"read-more-link\" href=\"https:\/\/www.grupoiraco.com\/fr\/magazine-promateriales-no-148\/\">[+]<\/a><\/p>\n","protected":false},"author":1,"featured_media":4027,"comment_status":"closed","ping_status":"closed","sticky":false,"template":"","format":"standard","meta":[],"categories":[42],"tags":[],"_links":{"self":[{"href":"https:\/\/www.grupoiraco.com\/fr\/wp-json\/wp\/v2\/posts\/60423"}],"collection":[{"href":"https:\/\/www.grupoiraco.com\/fr\/wp-json\/wp\/v2\/posts"}],"about":[{"href":"https:\/\/www.grupoiraco.com\/fr\/wp-json\/wp\/v2\/types\/post"}],"author":[{"embeddable":true,"href":"https:\/\/www.grupoiraco.com\/fr\/wp-json\/wp\/v2\/users\/1"}],"replies":[{"embeddable":true,"href":"https:\/\/www.grupoiraco.com\/fr\/wp-json\/wp\/v2\/comments?post=60423"}],"version-history":[{"count":2,"href":"https:\/\/www.grupoiraco.com\/fr\/wp-json\/wp\/v2\/posts\/60423\/revisions"}],"predecessor-version":[{"id":60425,"href":"https:\/\/www.grupoiraco.com\/fr\/wp-json\/wp\/v2\/posts\/60423\/revisions\/60425"}],"wp:featuredmedia":[{"embeddable":true,"href":"https:\/\/www.grupoiraco.com\/fr\/wp-json\/wp\/v2\/media\/4027"}],"wp:attachment":[{"href":"https:\/\/www.grupoiraco.com\/fr\/wp-json\/wp\/v2\/media?parent=60423"}],"wp:term":[{"taxonomy":"category","embeddable":true,"href":"https:\/\/www.grupoiraco.com\/fr\/wp-json\/wp\/v2\/categories?post=60423"},{"taxonomy":"post_tag","embeddable":true,"href":"https:\/\/www.grupoiraco.com\/fr\/wp-json\/wp\/v2\/tags?post=60423"}],"curies":[{"name":"wp","href":"https:\/\/api.w.org\/{rel}","templated":true}]}}