{"id":60304,"date":"2020-12-03T17:40:58","date_gmt":"2020-12-03T17:40:58","guid":{"rendered":"https:\/\/www.grupoiraco.com\/massana-school-building-report\/"},"modified":"2020-12-23T17:49:35","modified_gmt":"2020-12-23T17:49:35","slug":"ecole-massana-rapport","status":"publish","type":"post","link":"https:\/\/www.grupoiraco.com\/fr\/ecole-massana-rapport\/","title":{"rendered":"\u00c9COLE MASSANA \u2013 RAPPORT"},"content":{"rendered":"<p>[vc_row][vc_column width=&#8221;1\/2&#8243;][vc_column_text]Bas\u00e9e \u00e0 Barcelone, l&#8217;\u00e9cole Massana est le centre municipal d&#8217;art et de design de la ville.<br \/>\nL&#8217;\u00e9cole Massana a chang\u00e9 son si\u00e8ge historique \u00e0 l&#8217;h\u00f4pital antique de Santa Creu, vers un nouveau b\u00e2timent, con\u00e7u par l&#8217;architecte Carme Pin\u00f3s, situ\u00e9 sur la Pla\u00e7a de la Gardunya, en plein centre du quartier du Raval.<\/p>\n<p>Dans ce nouvel emplacement, l&#8217;\u00e9difice b\u00e9n\u00e9ficie d&#8217;un emplacement complexe et tire sa pr\u00e9sence des qualit\u00e9s de cet endroit.<\/p>\n<p>GROUP IRACO a \u00e9t\u00e9 charg\u00e9 de l&#8217;\u00e9tanch\u00e9it\u00e9 de ce projet.[\/vc_column_text][\/vc_column][vc_column width=&#8221;1\/2&#8243;][vc_single_image image=&#8221;3756&#8243; img_size=&#8221;full&#8221;][vc_cta h2=&#8221;\u00c9COLE MASSANA \u2013 PROJET&#8221; color=&#8221;sky&#8221; add_button=&#8221;bottom&#8221; btn_title=&#8221;Ouvrir le PDF&#8221; btn_color=&#8221;sky&#8221; btn_link=&#8221;url:http%3A%2F%2Fwww.grupoiraco.com%2Fwp-content%2Fuploads%2F2019%2F01%2FPM-126-4-min.pdf||target:%20_blank|&#8221;]<\/p>\n<p class=\"p1\">Voir PDF avec d\u00e9tails du projet<\/p>\n<p>[\/vc_cta][\/vc_column][\/vc_row][vc_row][vc_column][\/vc_column][\/vc_row]<\/p>\n","protected":false},"excerpt":{"rendered":"<p>[vc_row][vc_column width=&#8221;1\/2&#8243;][vc_column_text]Bas\u00e9e \u00e0 Barcelone, l&#8217;\u00e9cole Massana est le centre municipal d&#8217;art et de design de la ville. L&#8217;\u00e9cole Massana a chang\u00e9 son si\u00e8ge historique \u00e0 l&#8217;h\u00f4pital antique de Santa Creu, vers un nouveau b\u00e2timent, con\u00e7u par l&#8217;architecte Carme Pin\u00f3s, situ\u00e9&hellip; <a class=\"read-more-link\" href=\"https:\/\/www.grupoiraco.com\/fr\/ecole-massana-rapport\/\">[+]<\/a><\/p>\n","protected":false},"author":1,"featured_media":60184,"comment_status":"open","ping_status":"open","sticky":false,"template":"","format":"standard","meta":[],"categories":[47],"tags":[],"_links":{"self":[{"href":"https:\/\/www.grupoiraco.com\/fr\/wp-json\/wp\/v2\/posts\/60304"}],"collection":[{"href":"https:\/\/www.grupoiraco.com\/fr\/wp-json\/wp\/v2\/posts"}],"about":[{"href":"https:\/\/www.grupoiraco.com\/fr\/wp-json\/wp\/v2\/types\/post"}],"author":[{"embeddable":true,"href":"https:\/\/www.grupoiraco.com\/fr\/wp-json\/wp\/v2\/users\/1"}],"replies":[{"embeddable":true,"href":"https:\/\/www.grupoiraco.com\/fr\/wp-json\/wp\/v2\/comments?post=60304"}],"version-history":[{"count":3,"href":"https:\/\/www.grupoiraco.com\/fr\/wp-json\/wp\/v2\/posts\/60304\/revisions"}],"predecessor-version":[{"id":60306,"href":"https:\/\/www.grupoiraco.com\/fr\/wp-json\/wp\/v2\/posts\/60304\/revisions\/60306"}],"wp:featuredmedia":[{"embeddable":true,"href":"https:\/\/www.grupoiraco.com\/fr\/wp-json\/wp\/v2\/media\/60184"}],"wp:attachment":[{"href":"https:\/\/www.grupoiraco.com\/fr\/wp-json\/wp\/v2\/media?parent=60304"}],"wp:term":[{"taxonomy":"category","embeddable":true,"href":"https:\/\/www.grupoiraco.com\/fr\/wp-json\/wp\/v2\/categories?post=60304"},{"taxonomy":"post_tag","embeddable":true,"href":"https:\/\/www.grupoiraco.com\/fr\/wp-json\/wp\/v2\/tags?post=60304"}],"curies":[{"name":"wp","href":"https:\/\/api.w.org\/{rel}","templated":true}]}}